{"id":1358,"date":"2025-03-10T10:00:24","date_gmt":"2025-03-10T10:00:24","guid":{"rendered":"https:\/\/socarcapital.az\/?p=1358\/"},"modified":"2025-04-10T10:26:40","modified_gmt":"2025-04-10T10:26:40","slug":"socar-in-yasil-istiqrazlarinin-baki-fond-birjasinda-t%c9%99davulun%c9%99-baslanib","status":"publish","type":"post","link":"https:\/\/socarcapital.az\/az\/x%c9%99b%c9%99rl%c9%99r\/socar-in-yasil-istiqrazlarinin-baki-fond-birjasinda-t%c9%99davulun%c9%99-baslanib\/","title":{"rendered":"SOCAR-\u0131n \u201cya\u015f\u0131l istiqraz\u201dlar\u0131n\u0131n Bak\u0131 Fond Birjas\u0131nda t\u0259dav\u00fcl\u00fcn\u0259 ba\u015flan\u0131b"},"content":{"rendered":"<p>7 mart tarixind\u0259 SOCAR-\u0131n inzibati binas\u0131nda (SOCAR Tower) \u201cYa\u015f\u0131l\u201d t\u0259yinatl\u0131 SOCAR \u0130stiqrazlar\u0131n\u0131n Bak\u0131 Fond Birjas\u0131nda (BFB) t\u0259krar bazar \u0259m\u0259liyyatlar\u0131n\u0131n ba\u015flanmas\u0131 il\u0259 ba\u011fl\u0131 r\u0259smi t\u0259dbir ke\u00e7irilib.<\/p>\n<p>T\u0259dbird\u0259 Az\u0259rbaycan Respublikas\u0131n\u0131n \u0130qtisadiyyat naziri v\u0259 SOCAR-\u0131n M\u00fc\u015fahid\u0259 \u015euras\u0131n\u0131n s\u0259dri Mikay\u0131l Cabbarov, SOCAR-\u0131n prezidenti R\u00f6v\u015f\u0259n N\u0259c\u0259f, M\u0259rk\u0259zi Bank\u0131n s\u0259dri Taleh Kaz\u0131mov, Az\u0259rbaycan Prezidentinin iqlim m\u0259s\u0259l\u0259l\u0259ri \u00fczr\u0259 x\u00fcsusi n\u00fcmay\u0259nd\u0259si Muxtar Babayev, el\u0259c\u0259 d\u0259 BFB, MDM, bank, s\u0131\u011forta v\u0259 investisiya \u015firk\u0259tl\u0259rinin r\u0259hb\u0259rl\u0259ri, akademik \u00e7evr\u0259l\u0259r v\u0259 investorlar i\u015ftirak edibl\u0259r.<\/p>\n<p>T\u0259dbir d\u00f6vl\u0259t himninin s\u0259sl\u0259ndirilm\u0259si v\u0259 \u015f\u0259hidl\u0259rin xatir\u0259sinin 1 d\u0259qiq\u0259lik s\u00fckutla an\u0131lmas\u0131 il\u0259 ba\u015flay\u0131b. Daha sonra SOCAR \u0130stiqrazlar\u0131na h\u0259sr olunmu\u015f video\u00e7arx\u0131n t\u0259qdimat\u0131 ke\u00e7irilib.<br \/>\nT\u0259dbird\u0259 \u00e7\u0131x\u0131\u015f ed\u0259n r\u0259smil\u0259r b\u0259rpa olunan enerjiy\u0259 qlobal miqyasda artan t\u0259l\u0259bat, ekoloji h\u0259ssasiyy\u0259tin g\u00fccl\u0259nm\u0259si v\u0259 Az\u0259rbaycan\u0131n bu sah\u0259d\u0259ki strateji h\u0259d\u0259fl\u0259ri bar\u0259d\u0259 fikirl\u0259rini b\u00f6l\u00fc\u015f\u00fcbl\u0259r. SOCAR-\u0131n 2030 vizyonu \u00e7\u0259r\u00e7iv\u0259sind\u0259 \u201cYa\u015f\u0131l\u201d istiqrazlar\u0131n \u00f6lk\u0259nin enerji ke\u00e7idind\u0259 v\u0259 ekoloji dayan\u0131ql\u0131l\u0131\u011f\u0131nda m\u00fch\u00fcm rol oynad\u0131\u011f\u0131 vur\u011fulan\u0131b.<\/p>\n<p>H\u0259m\u00e7inin, SOCAR \u0130stiqrazlar\u0131n\u0131n daxili kapital bazarlar\u0131nda oynad\u0131\u011f\u0131 rol, 2016-c\u0131 ild\u0259n bu g\u00fcn\u0259 q\u0259d\u0259r \u0259ld\u0259 olunan u\u011furlar v\u0259 investorlar\u0131n y\u00fcks\u0259k mara\u011f\u0131 m\u00fczakir\u0259 edilib. \u201cYa\u015f\u0131l\u201d t\u0259yinatl\u0131 istiqrazlar is\u0259 bu prosesd\u0259 yeni v\u0259 strateji bir m\u0259rh\u0259l\u0259 kimi qiym\u0259tl\u0259ndirilib.<br \/>\nR\u0259mzi \u201cA\u00e7\u0131l\u0131\u015f Z\u0259ngi\u201d m\u0259rasimi il\u0259 istiqrazlar\u0131n t\u0259krar bazar \u0259m\u0259liyyatlar\u0131na start verilib. Bununla, SOCAR \u0130stiqrazlar\u0131n\u0131n t\u0259krar bazar \u0259m\u0259liyyatlar\u0131na r\u0259smi start verilib. Daha sonra t\u0259dbir i\u015ftirak\u00e7\u0131lar\u0131 r\u0259mzi istiqraz v\u0259r\u0259q\u0259sini imzalayaraq xatir\u0259 fotosu \u00e7\u0259kdiribl\u0259r.<\/p>\n<p>SOCAR, \u201cYa\u015f\u0131l\u201d istiqrazlarla daxili kapital bazarlar\u0131n\u0131n inki\u015faf\u0131na v\u0259 dayan\u0131ql\u0131 maliyy\u0259 al\u0259tl\u0259rinin geni\u015fl\u0259ndirilm\u0259sin\u0259 t\u00f6hf\u0259 verm\u0259kd\u0259 davam ed\u0259c\u0259k.<\/p>\n","protected":false},"excerpt":{"rendered":"<p>7 mart tarixind\u0259 SOCAR-\u0131n inzibati binas\u0131nda (SOCAR Tower) \u201cYa\u015f\u0131l\u201d t\u0259yinatl\u0131 SOCAR \u0130stiqrazlar\u0131n\u0131n Bak\u0131 Fond Birjas\u0131nda (BFB) t\u0259krar bazar \u0259m\u0259liyyatlar\u0131n\u0131n ba\u015flanmas\u0131 il\u0259 ba\u011fl\u0131 r\u0259smi t\u0259dbir ke\u00e7irilib. T\u0259dbird\u0259 Az\u0259rbaycan Respublikas\u0131n\u0131n \u0130qtisadiyyat naziri v\u0259 SOCAR-\u0131n M\u00fc\u015fahid\u0259 \u015euras\u0131n\u0131n s\u0259dri Mikay\u0131l Cabbarov, SOCAR-\u0131n prezidenti R\u00f6v\u015f\u0259n N\u0259c\u0259f, M\u0259rk\u0259zi Bank\u0131n s\u0259dri Taleh Kaz\u0131mov, Az\u0259rbaycan Prezidentinin iqlim m\u0259s\u0259l\u0259l\u0259ri \u00fczr\u0259 x\u00fcsusi n\u00fcmay\u0259nd\u0259si Muxtar Babayev, [&hellip;]<\/p>\n","protected":false},"author":110117,"featured_media":0,"comment_status":"open","ping_status":"open","sticky":false,"template":"","format":"standard","meta":{"_acf_changed":false,"_coblocks_attr":"","_coblocks_dimensions":"","_coblocks_responsive_height":"","_coblocks_accordion_ie_support":"","inline_featured_image":false,"footnotes":""},"categories":[13],"tags":[],"class_list":["post-1358","post","type-post","status-publish","format-standard","hentry","category-xbrlr"],"acf":[],"yoast_head":"<!-- This site is optimized with the Yoast SEO plugin v27.5 - https:\/\/yoast.com\/product\/yoast-seo-wordpress\/ -->\n<title>SOCAR-\u0131n \u201cya\u015f\u0131l istiqraz\u201dlar\u0131n\u0131n Bak\u0131 Fond Birjas\u0131nda t\u0259dav\u00fcl\u00fcn\u0259 ba\u015flan\u0131b - Socar Capital<\/title>\n<meta name=\"robots\" content=\"index, follow, max-snippet:-1, max-image-preview:large, max-video-preview:-1\" \/>\n<link rel=\"canonical\" href=\"https:\/\/socarcapital.az\/az\/x\u0259b\u0259rl\u0259r\/socar-in-yasil-istiqrazlarinin-baki-fond-birjasinda-t\u0259davulun\u0259-baslanib\/\" \/>\n<meta property=\"og:locale\" content=\"az_AZ\" \/>\n<meta property=\"og:type\" content=\"article\" \/>\n<meta property=\"og:title\" content=\"SOCAR-\u0131n \u201cya\u015f\u0131l istiqraz\u201dlar\u0131n\u0131n Bak\u0131 Fond Birjas\u0131nda t\u0259dav\u00fcl\u00fcn\u0259 ba\u015flan\u0131b - Socar Capital\" \/>\n<meta property=\"og:description\" content=\"7 mart tarixind\u0259 SOCAR-\u0131n inzibati binas\u0131nda (SOCAR Tower) \u201cYa\u015f\u0131l\u201d t\u0259yinatl\u0131 SOCAR \u0130stiqrazlar\u0131n\u0131n Bak\u0131 Fond Birjas\u0131nda (BFB) t\u0259krar bazar \u0259m\u0259liyyatlar\u0131n\u0131n ba\u015flanmas\u0131 il\u0259 ba\u011fl\u0131 r\u0259smi t\u0259dbir ke\u00e7irilib. T\u0259dbird\u0259 Az\u0259rbaycan Respublikas\u0131n\u0131n \u0130qtisadiyyat naziri v\u0259 SOCAR-\u0131n M\u00fc\u015fahid\u0259 \u015euras\u0131n\u0131n s\u0259dri Mikay\u0131l Cabbarov, SOCAR-\u0131n prezidenti R\u00f6v\u015f\u0259n N\u0259c\u0259f, M\u0259rk\u0259zi Bank\u0131n s\u0259dri Taleh Kaz\u0131mov, Az\u0259rbaycan Prezidentinin iqlim m\u0259s\u0259l\u0259l\u0259ri \u00fczr\u0259 x\u00fcsusi n\u00fcmay\u0259nd\u0259si Muxtar Babayev, [&hellip;]\" \/>\n<meta property=\"og:url\" content=\"https:\/\/socarcapital.az\/az\/x\u0259b\u0259rl\u0259r\/socar-in-yasil-istiqrazlarinin-baki-fond-birjasinda-t\u0259davulun\u0259-baslanib\/\" \/>\n<meta property=\"og:site_name\" content=\"Socar Capital\" \/>\n<meta property=\"article:published_time\" content=\"2025-03-10T10:00:24+00:00\" \/>\n<meta property=\"article:modified_time\" content=\"2025-04-10T10:26:40+00:00\" \/>\n<meta name=\"author\" content=\"Fateh Abdullayev\" \/>\n<meta name=\"twitter:card\" content=\"summary_large_image\" \/>\n<meta name=\"twitter:label1\" content=\"Written by\" \/>\n\t<meta name=\"twitter:data1\" content=\"Fateh Abdullayev\" \/>\n\t<meta name=\"twitter:label2\" content=\"Est. reading time\" \/>\n\t<meta name=\"twitter:data2\" content=\"2 minutes\" \/>\n<script type=\"application\/ld+json\" class=\"yoast-schema-graph\">{\"@context\":\"https:\\\/\\\/schema.org\",\"@graph\":[{\"@type\":\"Article\",\"@id\":\"https:\\\/\\\/socarcapital.az\\\/az\\\/x%c9%99b%c9%99rl%c9%99r\\\/socar-in-yasil-istiqrazlarinin-baki-fond-birjasinda-t%c9%99davulun%c9%99-baslanib\\\/#article\",\"isPartOf\":{\"@id\":\"https:\\\/\\\/socarcapital.az\\\/az\\\/x%c9%99b%c9%99rl%c9%99r\\\/socar-in-yasil-istiqrazlarinin-baki-fond-birjasinda-t%c9%99davulun%c9%99-baslanib\\\/\"},\"author\":{\"name\":\"Fateh Abdullayev\",\"@id\":\"https:\\\/\\\/socarcapital.az\\\/az\\\/#\\\/schema\\\/person\\\/cf2e757c7b3b90e24a87fd26b79d7839\"},\"headline\":\"SOCAR-\u0131n \u201cya\u015f\u0131l istiqraz\u201dlar\u0131n\u0131n Bak\u0131 Fond Birjas\u0131nda t\u0259dav\u00fcl\u00fcn\u0259 ba\u015flan\u0131b\",\"datePublished\":\"2025-03-10T10:00:24+00:00\",\"dateModified\":\"2025-04-10T10:26:40+00:00\",\"mainEntityOfPage\":{\"@id\":\"https:\\\/\\\/socarcapital.az\\\/az\\\/x%c9%99b%c9%99rl%c9%99r\\\/socar-in-yasil-istiqrazlarinin-baki-fond-birjasinda-t%c9%99davulun%c9%99-baslanib\\\/\"},\"wordCount\":401,\"commentCount\":0,\"articleSection\":[\"X\u0259b\u0259rl\u0259r\"],\"inLanguage\":\"az-AZ\",\"potentialAction\":[{\"@type\":\"CommentAction\",\"name\":\"Comment\",\"target\":[\"https:\\\/\\\/socarcapital.az\\\/az\\\/x%c9%99b%c9%99rl%c9%99r\\\/socar-in-yasil-istiqrazlarinin-baki-fond-birjasinda-t%c9%99davulun%c9%99-baslanib\\\/#respond\"]}]},{\"@type\":\"WebPage\",\"@id\":\"https:\\\/\\\/socarcapital.az\\\/az\\\/x%c9%99b%c9%99rl%c9%99r\\\/socar-in-yasil-istiqrazlarinin-baki-fond-birjasinda-t%c9%99davulun%c9%99-baslanib\\\/\",\"url\":\"https:\\\/\\\/socarcapital.az\\\/az\\\/x%c9%99b%c9%99rl%c9%99r\\\/socar-in-yasil-istiqrazlarinin-baki-fond-birjasinda-t%c9%99davulun%c9%99-baslanib\\\/\",\"name\":\"SOCAR-\u0131n \u201cya\u015f\u0131l istiqraz\u201dlar\u0131n\u0131n Bak\u0131 Fond Birjas\u0131nda t\u0259dav\u00fcl\u00fcn\u0259 ba\u015flan\u0131b - Socar Capital\",\"isPartOf\":{\"@id\":\"https:\\\/\\\/socarcapital.az\\\/az\\\/#website\"},\"datePublished\":\"2025-03-10T10:00:24+00:00\",\"dateModified\":\"2025-04-10T10:26:40+00:00\",\"author\":{\"@id\":\"https:\\\/\\\/socarcapital.az\\\/az\\\/#\\\/schema\\\/person\\\/cf2e757c7b3b90e24a87fd26b79d7839\"},\"inLanguage\":\"az-AZ\",\"potentialAction\":[{\"@type\":\"ReadAction\",\"target\":[\"https:\\\/\\\/socarcapital.az\\\/az\\\/x%c9%99b%c9%99rl%c9%99r\\\/socar-in-yasil-istiqrazlarinin-baki-fond-birjasinda-t%c9%99davulun%c9%99-baslanib\\\/\"]}]},{\"@type\":\"WebSite\",\"@id\":\"https:\\\/\\\/socarcapital.az\\\/az\\\/#website\",\"url\":\"https:\\\/\\\/socarcapital.az\\\/az\\\/\",\"name\":\"Socar Capital\",\"description\":\"G\u0259l\u0259c\u0259yin Kapital\u0131\",\"potentialAction\":[{\"@type\":\"SearchAction\",\"target\":{\"@type\":\"EntryPoint\",\"urlTemplate\":\"https:\\\/\\\/socarcapital.az\\\/az\\\/?s={search_term_string}\"},\"query-input\":{\"@type\":\"PropertyValueSpecification\",\"valueRequired\":true,\"valueName\":\"search_term_string\"}}],\"inLanguage\":\"az-AZ\"},{\"@type\":\"Person\",\"@id\":\"https:\\\/\\\/socarcapital.az\\\/az\\\/#\\\/schema\\\/person\\\/cf2e757c7b3b90e24a87fd26b79d7839\",\"name\":\"Fateh Abdullayev\",\"image\":{\"@type\":\"ImageObject\",\"inLanguage\":\"az-AZ\",\"@id\":\"https:\\\/\\\/secure.gravatar.com\\\/avatar\\\/cbf0628dec0b8e23195ef1882217e77a0ed3b351bb92d6dd92ac15f687de386d?s=96&d=mm&r=g\",\"url\":\"https:\\\/\\\/secure.gravatar.com\\\/avatar\\\/cbf0628dec0b8e23195ef1882217e77a0ed3b351bb92d6dd92ac15f687de386d?s=96&d=mm&r=g\",\"contentUrl\":\"https:\\\/\\\/secure.gravatar.com\\\/avatar\\\/cbf0628dec0b8e23195ef1882217e77a0ed3b351bb92d6dd92ac15f687de386d?s=96&d=mm&r=g\",\"caption\":\"Fateh Abdullayev\"},\"url\":\"https:\\\/\\\/socarcapital.az\\\/az\\\/author\\\/adminf\\\/\"}]}<\/script>\n<!-- \/ Yoast SEO plugin. -->","yoast_head_json":{"title":"SOCAR-\u0131n \u201cya\u015f\u0131l istiqraz\u201dlar\u0131n\u0131n Bak\u0131 Fond Birjas\u0131nda t\u0259dav\u00fcl\u00fcn\u0259 ba\u015flan\u0131b - Socar Capital","robots":{"index":"index","follow":"follow","max-snippet":"max-snippet:-1","max-image-preview":"max-image-preview:large","max-video-preview":"max-video-preview:-1"},"canonical":"https:\/\/socarcapital.az\/az\/x\u0259b\u0259rl\u0259r\/socar-in-yasil-istiqrazlarinin-baki-fond-birjasinda-t\u0259davulun\u0259-baslanib\/","og_locale":"az_AZ","og_type":"article","og_title":"SOCAR-\u0131n \u201cya\u015f\u0131l istiqraz\u201dlar\u0131n\u0131n Bak\u0131 Fond Birjas\u0131nda t\u0259dav\u00fcl\u00fcn\u0259 ba\u015flan\u0131b - Socar Capital","og_description":"7 mart tarixind\u0259 SOCAR-\u0131n inzibati binas\u0131nda (SOCAR Tower) \u201cYa\u015f\u0131l\u201d t\u0259yinatl\u0131 SOCAR \u0130stiqrazlar\u0131n\u0131n Bak\u0131 Fond Birjas\u0131nda (BFB) t\u0259krar bazar \u0259m\u0259liyyatlar\u0131n\u0131n ba\u015flanmas\u0131 il\u0259 ba\u011fl\u0131 r\u0259smi t\u0259dbir ke\u00e7irilib. T\u0259dbird\u0259 Az\u0259rbaycan Respublikas\u0131n\u0131n \u0130qtisadiyyat naziri v\u0259 SOCAR-\u0131n M\u00fc\u015fahid\u0259 \u015euras\u0131n\u0131n s\u0259dri Mikay\u0131l Cabbarov, SOCAR-\u0131n prezidenti R\u00f6v\u015f\u0259n N\u0259c\u0259f, M\u0259rk\u0259zi Bank\u0131n s\u0259dri Taleh Kaz\u0131mov, Az\u0259rbaycan Prezidentinin iqlim m\u0259s\u0259l\u0259l\u0259ri \u00fczr\u0259 x\u00fcsusi n\u00fcmay\u0259nd\u0259si Muxtar Babayev, [&hellip;]","og_url":"https:\/\/socarcapital.az\/az\/x\u0259b\u0259rl\u0259r\/socar-in-yasil-istiqrazlarinin-baki-fond-birjasinda-t\u0259davulun\u0259-baslanib\/","og_site_name":"Socar Capital","article_published_time":"2025-03-10T10:00:24+00:00","article_modified_time":"2025-04-10T10:26:40+00:00","author":"Fateh Abdullayev","twitter_card":"summary_large_image","twitter_misc":{"Written by":"Fateh Abdullayev","Est. reading time":"2 minutes"},"schema":{"@context":"https:\/\/schema.org","@graph":[{"@type":"Article","@id":"https:\/\/socarcapital.az\/az\/x%c9%99b%c9%99rl%c9%99r\/socar-in-yasil-istiqrazlarinin-baki-fond-birjasinda-t%c9%99davulun%c9%99-baslanib\/#article","isPartOf":{"@id":"https:\/\/socarcapital.az\/az\/x%c9%99b%c9%99rl%c9%99r\/socar-in-yasil-istiqrazlarinin-baki-fond-birjasinda-t%c9%99davulun%c9%99-baslanib\/"},"author":{"name":"Fateh Abdullayev","@id":"https:\/\/socarcapital.az\/az\/#\/schema\/person\/cf2e757c7b3b90e24a87fd26b79d7839"},"headline":"SOCAR-\u0131n \u201cya\u015f\u0131l istiqraz\u201dlar\u0131n\u0131n Bak\u0131 Fond Birjas\u0131nda t\u0259dav\u00fcl\u00fcn\u0259 ba\u015flan\u0131b","datePublished":"2025-03-10T10:00:24+00:00","dateModified":"2025-04-10T10:26:40+00:00","mainEntityOfPage":{"@id":"https:\/\/socarcapital.az\/az\/x%c9%99b%c9%99rl%c9%99r\/socar-in-yasil-istiqrazlarinin-baki-fond-birjasinda-t%c9%99davulun%c9%99-baslanib\/"},"wordCount":401,"commentCount":0,"articleSection":["X\u0259b\u0259rl\u0259r"],"inLanguage":"az-AZ","potentialAction":[{"@type":"CommentAction","name":"Comment","target":["https:\/\/socarcapital.az\/az\/x%c9%99b%c9%99rl%c9%99r\/socar-in-yasil-istiqrazlarinin-baki-fond-birjasinda-t%c9%99davulun%c9%99-baslanib\/#respond"]}]},{"@type":"WebPage","@id":"https:\/\/socarcapital.az\/az\/x%c9%99b%c9%99rl%c9%99r\/socar-in-yasil-istiqrazlarinin-baki-fond-birjasinda-t%c9%99davulun%c9%99-baslanib\/","url":"https:\/\/socarcapital.az\/az\/x%c9%99b%c9%99rl%c9%99r\/socar-in-yasil-istiqrazlarinin-baki-fond-birjasinda-t%c9%99davulun%c9%99-baslanib\/","name":"SOCAR-\u0131n \u201cya\u015f\u0131l istiqraz\u201dlar\u0131n\u0131n Bak\u0131 Fond Birjas\u0131nda t\u0259dav\u00fcl\u00fcn\u0259 ba\u015flan\u0131b - Socar Capital","isPartOf":{"@id":"https:\/\/socarcapital.az\/az\/#website"},"datePublished":"2025-03-10T10:00:24+00:00","dateModified":"2025-04-10T10:26:40+00:00","author":{"@id":"https:\/\/socarcapital.az\/az\/#\/schema\/person\/cf2e757c7b3b90e24a87fd26b79d7839"},"inLanguage":"az-AZ","potentialAction":[{"@type":"ReadAction","target":["https:\/\/socarcapital.az\/az\/x%c9%99b%c9%99rl%c9%99r\/socar-in-yasil-istiqrazlarinin-baki-fond-birjasinda-t%c9%99davulun%c9%99-baslanib\/"]}]},{"@type":"WebSite","@id":"https:\/\/socarcapital.az\/az\/#website","url":"https:\/\/socarcapital.az\/az\/","name":"Socar Capital","description":"G\u0259l\u0259c\u0259yin Kapital\u0131","potentialAction":[{"@type":"SearchAction","target":{"@type":"EntryPoint","urlTemplate":"https:\/\/socarcapital.az\/az\/?s={search_term_string}"},"query-input":{"@type":"PropertyValueSpecification","valueRequired":true,"valueName":"search_term_string"}}],"inLanguage":"az-AZ"},{"@type":"Person","@id":"https:\/\/socarcapital.az\/az\/#\/schema\/person\/cf2e757c7b3b90e24a87fd26b79d7839","name":"Fateh Abdullayev","image":{"@type":"ImageObject","inLanguage":"az-AZ","@id":"https:\/\/secure.gravatar.com\/avatar\/cbf0628dec0b8e23195ef1882217e77a0ed3b351bb92d6dd92ac15f687de386d?s=96&d=mm&r=g","url":"https:\/\/secure.gravatar.com\/avatar\/cbf0628dec0b8e23195ef1882217e77a0ed3b351bb92d6dd92ac15f687de386d?s=96&d=mm&r=g","contentUrl":"https:\/\/secure.gravatar.com\/avatar\/cbf0628dec0b8e23195ef1882217e77a0ed3b351bb92d6dd92ac15f687de386d?s=96&d=mm&r=g","caption":"Fateh Abdullayev"},"url":"https:\/\/socarcapital.az\/az\/author\/adminf\/"}]}},"_links":{"self":[{"href":"https:\/\/socarcapital.az\/az\/wp-json\/wp\/v2\/posts\/1358","targetHints":{"allow":["GET"]}}],"collection":[{"href":"https:\/\/socarcapital.az\/az\/wp-json\/wp\/v2\/posts"}],"about":[{"href":"https:\/\/socarcapital.az\/az\/wp-json\/wp\/v2\/types\/post"}],"author":[{"embeddable":true,"href":"https:\/\/socarcapital.az\/az\/wp-json\/wp\/v2\/users\/110117"}],"replies":[{"embeddable":true,"href":"https:\/\/socarcapital.az\/az\/wp-json\/wp\/v2\/comments?post=1358"}],"version-history":[{"count":5,"href":"https:\/\/socarcapital.az\/az\/wp-json\/wp\/v2\/posts\/1358\/revisions"}],"predecessor-version":[{"id":1364,"href":"https:\/\/socarcapital.az\/az\/wp-json\/wp\/v2\/posts\/1358\/revisions\/1364"}],"wp:attachment":[{"href":"https:\/\/socarcapital.az\/az\/wp-json\/wp\/v2\/media?parent=1358"}],"wp:term":[{"taxonomy":"category","embeddable":true,"href":"https:\/\/socarcapital.az\/az\/wp-json\/wp\/v2\/categories?post=1358"},{"taxonomy":"post_tag","embeddable":true,"href":"https:\/\/socarcapital.az\/az\/wp-json\/wp\/v2\/tags?post=1358"}],"curies":[{"name":"wp","href":"https:\/\/api.w.org\/{rel}","templated":true}]}}